{"id":2329,"date":"2024-06-23T14:03:46","date_gmt":"2024-06-23T17:03:46","guid":{"rendered":"https:\/\/florestaviva.org.br\/?p=2329"},"modified":"2024-07-12T13:36:19","modified_gmt":"2024-07-12T16:36:19","slug":"instituto-floresta-viva-viveiro-de-arvores-nativas-recebeu-mais-de-250-visitantes-entre-os-meses-de-abril-maio-e-junho","status":"publish","type":"post","link":"https:\/\/florestaviva.org.br\/en\/2024\/06\/23\/instituto-floresta-viva-viveiro-de-arvores-nativas-recebeu-mais-de-250-visitantes-entre-os-meses-de-abril-maio-e-junho\/","title":{"rendered":"Instituto Floresta Viva: Viveiro de \u00c1rvores Nativas recebeu mais de 250 visitantes entre os meses de abril, maio e junho\u00a0"},"content":{"rendered":"<p>Nos \u00faltimos meses o viveiro de \u00e1rvores nativas do Instituto Floresta Viva recebeu mais de 250&nbsp; visitantes, incluindo grupos de escolas, cursos t\u00e9cnicos, universidades, pesquisadores e turistas interessados em conhecer de perto o trabalho de conserva\u00e7\u00e3o ambiental.<\/p>\n\n\n\n<p>As visitas guiadas no Instituto Floresta Viva t\u00eam dura\u00e7\u00e3o aproximada de 2 horas e&nbsp; proporcionam uma experi\u00eancia imersiva:<\/p>\n\n\n\n<ul class=\"wp-block-list\">\n<li>Os visitantes s\u00e3o recepcionados no espa\u00e7o da Oca, onde aprendem sobre a hist\u00f3ria do instituto e detalhes fascinantes sobre a Mata Atl\u00e2ntica do sul da Bahia.<\/li>\n\n\n\n<li>No viveiro, os participantes conhecem o processo meticuloso de produ\u00e7\u00e3o de mudas de \u00e1rvores nativas, essencial para a restaura\u00e7\u00e3o ecol\u00f3gica da regi\u00e3o.<\/li>\n\n\n\n<li>Uma trilha de n\u00edvel f\u00e1cil permite que todos os presentes apreciem a rica flora e fauna local, al\u00e9m de descobrir curiosidades sobre a Mata Atl\u00e2ntica.<\/li>\n<\/ul>\n\n\n\n<p>As visitas devem ser agendadas com anteced\u00eancia para garantir a melhor experi\u00eancia. Para mais informa\u00e7\u00f5es sobre hor\u00e1rios dispon\u00edveis e valores, entre em contato pelo e-mail <a href=\"mailto:institucional@institutoflorestaviva.org.br\">institucional@institutoflorestaviva.org.br<\/a>.<\/p>\n\n\n\n<p>N\u00e3o perca a oportunidade de explorar e aprender mais sobre a biodiversidade \u00fanica da Mata Atl\u00e2ntica com o Instituto Floresta Viva!<\/p>\n\n\n\n<figure class=\"wp-block-image size-large is-resized\"><img fetchpriority=\"high\" decoding=\"async\" width=\"768\" height=\"1024\" src=\"https:\/\/florestaviva.org.br\/wp-content\/uploads\/2024\/06\/newsletterjunho-768x1024.jpg\" alt=\"\" class=\"wp-image-2330\" style=\"width:372px;height:auto\" srcset=\"https:\/\/florestaviva.org.br\/wp-content\/uploads\/2024\/06\/newsletterjunho-768x1024.jpg 768w, https:\/\/florestaviva.org.br\/wp-content\/uploads\/2024\/06\/newsletterjunho-225x300.jpg 225w, https:\/\/florestaviva.org.br\/wp-content\/uploads\/2024\/06\/newsletterjunho-1152x1536.jpg 1152w, https:\/\/florestaviva.org.br\/wp-content\/uploads\/2024\/06\/newsletterjunho-9x12.jpg 9w, https:\/\/florestaviva.org.br\/wp-content\/uploads\/2024\/06\/newsletterjunho.jpg 1200w\" sizes=\"(max-width: 768px) 100vw, 768px\" \/><\/figure>","protected":false},"excerpt":{"rendered":"<p>Nos \u00faltimos meses o viveiro de \u00e1rvores nativas do Instituto Floresta Viva recebeu mais de 250&nbsp; visitantes, incluindo grupos de escolas, cursos t\u00e9cnicos, universidades, pesquisadores e turistas interessados em conhecer de perto o trabalho de conserva\u00e7\u00e3o ambiental. As visitas guiadas no Instituto Floresta Viva t\u00eam dura\u00e7\u00e3o aproximada de 2 horas e&nbsp; proporcionam uma experi\u00eancia imersiva: [&hellip;]<\/p>\n","protected":false},"author":6,"featured_media":2334,"comment_status":"open","ping_status":"open","sticky":false,"template":"","format":"standard","meta":{"_acf_changed":false,"footnotes":""},"categories":[9],"tags":[],"class_list":["post-2329","post","type-post","status-publish","format-standard","has-post-thumbnail","hentry","category-noticias"],"acf":[],"yoast_head":"<!-- This site is optimized with the Yoast SEO plugin v27.4 - https:\/\/yoast.com\/product\/yoast-seo-wordpress\/ -->\n<title>Instituto Floresta Viva: Viveiro de \u00c1rvores Nativas recebeu mais de 250 visitantes entre os meses de abril, maio e junho\u00a0 - Floresta Viva<\/title>\n<meta name=\"robots\" content=\"index, follow, max-snippet:-1, max-image-preview:large, max-video-preview:-1\" \/>\n<link rel=\"canonical\" href=\"https:\/\/florestaviva.org.br\/en\/2024\/06\/23\/instituto-floresta-viva-viveiro-de-arvores-nativas-recebeu-mais-de-250-visitantes-entre-os-meses-de-abril-maio-e-junho\/\" \/>\n<meta property=\"og:locale\" content=\"en_US\" \/>\n<meta property=\"og:type\" content=\"article\" \/>\n<meta property=\"og:title\" content=\"Instituto Floresta Viva: Viveiro de \u00c1rvores Nativas recebeu mais de 250 visitantes entre os meses de abril, maio e junho\u00a0 - Floresta Viva\" \/>\n<meta property=\"og:description\" content=\"Nos \u00faltimos meses o viveiro de \u00e1rvores nativas do Instituto Floresta Viva recebeu mais de 250&nbsp; visitantes, incluindo grupos de escolas, cursos t\u00e9cnicos, universidades, pesquisadores e turistas interessados em conhecer de perto o trabalho de conserva\u00e7\u00e3o ambiental. As visitas guiadas no Instituto Floresta Viva t\u00eam dura\u00e7\u00e3o aproximada de 2 horas e&nbsp; proporcionam uma experi\u00eancia imersiva: [&hellip;]\" \/>\n<meta property=\"og:url\" content=\"https:\/\/florestaviva.org.br\/en\/2024\/06\/23\/instituto-floresta-viva-viveiro-de-arvores-nativas-recebeu-mais-de-250-visitantes-entre-os-meses-de-abril-maio-e-junho\/\" \/>\n<meta property=\"og:site_name\" content=\"Floresta Viva\" \/>\n<meta property=\"article:published_time\" content=\"2024-06-23T17:03:46+00:00\" \/>\n<meta property=\"article:modified_time\" content=\"2024-07-12T16:36:19+00:00\" \/>\n<meta property=\"og:image\" content=\"http:\/\/florestaviva.org.br\/wp-content\/uploads\/2024\/06\/newsletterjunho-1.jpg\" \/>\n\t<meta property=\"og:image:width\" content=\"1200\" \/>\n\t<meta property=\"og:image:height\" content=\"761\" \/>\n\t<meta property=\"og:image:type\" content=\"image\/jpeg\" \/>\n<meta name=\"author\" content=\"Manuela\" \/>\n<meta name=\"twitter:card\" content=\"summary_large_image\" \/>\n<meta name=\"twitter:label1\" content=\"Written by\" \/>\n\t<meta name=\"twitter:data1\" content=\"Manuela\" \/>\n\t<meta name=\"twitter:label2\" content=\"Est. reading time\" \/>\n\t<meta name=\"twitter:data2\" content=\"2 minutes\" \/>\n<script type=\"application\/ld+json\" class=\"yoast-schema-graph\">{\"@context\":\"https:\\\/\\\/schema.org\",\"@graph\":[{\"@type\":\"Article\",\"@id\":\"https:\\\/\\\/florestaviva.org.br\\\/2024\\\/06\\\/23\\\/instituto-floresta-viva-viveiro-de-arvores-nativas-recebeu-mais-de-250-visitantes-entre-os-meses-de-abril-maio-e-junho\\\/#article\",\"isPartOf\":{\"@id\":\"https:\\\/\\\/florestaviva.org.br\\\/2024\\\/06\\\/23\\\/instituto-floresta-viva-viveiro-de-arvores-nativas-recebeu-mais-de-250-visitantes-entre-os-meses-de-abril-maio-e-junho\\\/\"},\"author\":{\"name\":\"Manuela\",\"@id\":\"https:\\\/\\\/florestaviva.org.br\\\/#\\\/schema\\\/person\\\/fc8c4beafbf7bb939cccae1b9838c59b\"},\"headline\":\"Instituto Floresta Viva: Viveiro de \u00c1rvores Nativas recebeu mais de 250 visitantes entre os meses de abril, maio e junho\u00a0\",\"datePublished\":\"2024-06-23T17:03:46+00:00\",\"dateModified\":\"2024-07-12T16:36:19+00:00\",\"mainEntityOfPage\":{\"@id\":\"https:\\\/\\\/florestaviva.org.br\\\/2024\\\/06\\\/23\\\/instituto-floresta-viva-viveiro-de-arvores-nativas-recebeu-mais-de-250-visitantes-entre-os-meses-de-abril-maio-e-junho\\\/\"},\"wordCount\":221,\"commentCount\":0,\"publisher\":{\"@id\":\"https:\\\/\\\/florestaviva.org.br\\\/#organization\"},\"image\":{\"@id\":\"https:\\\/\\\/florestaviva.org.br\\\/2024\\\/06\\\/23\\\/instituto-floresta-viva-viveiro-de-arvores-nativas-recebeu-mais-de-250-visitantes-entre-os-meses-de-abril-maio-e-junho\\\/#primaryimage\"},\"thumbnailUrl\":\"https:\\\/\\\/florestaviva.org.br\\\/wp-content\\\/uploads\\\/2024\\\/06\\\/newsletterjunho-1.jpg\",\"articleSection\":[\"Not\u00edcias\"],\"inLanguage\":\"en-US\",\"potentialAction\":[{\"@type\":\"CommentAction\",\"name\":\"Comment\",\"target\":[\"https:\\\/\\\/florestaviva.org.br\\\/2024\\\/06\\\/23\\\/instituto-floresta-viva-viveiro-de-arvores-nativas-recebeu-mais-de-250-visitantes-entre-os-meses-de-abril-maio-e-junho\\\/#respond\"]}]},{\"@type\":\"WebPage\",\"@id\":\"https:\\\/\\\/florestaviva.org.br\\\/2024\\\/06\\\/23\\\/instituto-floresta-viva-viveiro-de-arvores-nativas-recebeu-mais-de-250-visitantes-entre-os-meses-de-abril-maio-e-junho\\\/\",\"url\":\"https:\\\/\\\/florestaviva.org.br\\\/2024\\\/06\\\/23\\\/instituto-floresta-viva-viveiro-de-arvores-nativas-recebeu-mais-de-250-visitantes-entre-os-meses-de-abril-maio-e-junho\\\/\",\"name\":\"Instituto Floresta Viva: Viveiro de \u00c1rvores Nativas recebeu mais de 250 visitantes entre os meses de abril, maio e junho\u00a0 - Floresta Viva\",\"isPartOf\":{\"@id\":\"https:\\\/\\\/florestaviva.org.br\\\/#website\"},\"primaryImageOfPage\":{\"@id\":\"https:\\\/\\\/florestaviva.org.br\\\/2024\\\/06\\\/23\\\/instituto-floresta-viva-viveiro-de-arvores-nativas-recebeu-mais-de-250-visitantes-entre-os-meses-de-abril-maio-e-junho\\\/#primaryimage\"},\"image\":{\"@id\":\"https:\\\/\\\/florestaviva.org.br\\\/2024\\\/06\\\/23\\\/instituto-floresta-viva-viveiro-de-arvores-nativas-recebeu-mais-de-250-visitantes-entre-os-meses-de-abril-maio-e-junho\\\/#primaryimage\"},\"thumbnailUrl\":\"https:\\\/\\\/florestaviva.org.br\\\/wp-content\\\/uploads\\\/2024\\\/06\\\/newsletterjunho-1.jpg\",\"datePublished\":\"2024-06-23T17:03:46+00:00\",\"dateModified\":\"2024-07-12T16:36:19+00:00\",\"breadcrumb\":{\"@id\":\"https:\\\/\\\/florestaviva.org.br\\\/2024\\\/06\\\/23\\\/instituto-floresta-viva-viveiro-de-arvores-nativas-recebeu-mais-de-250-visitantes-entre-os-meses-de-abril-maio-e-junho\\\/#breadcrumb\"},\"inLanguage\":\"en-US\",\"potentialAction\":[{\"@type\":\"ReadAction\",\"target\":[\"https:\\\/\\\/florestaviva.org.br\\\/2024\\\/06\\\/23\\\/instituto-floresta-viva-viveiro-de-arvores-nativas-recebeu-mais-de-250-visitantes-entre-os-meses-de-abril-maio-e-junho\\\/\"]}]},{\"@type\":\"ImageObject\",\"inLanguage\":\"en-US\",\"@id\":\"https:\\\/\\\/florestaviva.org.br\\\/2024\\\/06\\\/23\\\/instituto-floresta-viva-viveiro-de-arvores-nativas-recebeu-mais-de-250-visitantes-entre-os-meses-de-abril-maio-e-junho\\\/#primaryimage\",\"url\":\"https:\\\/\\\/florestaviva.org.br\\\/wp-content\\\/uploads\\\/2024\\\/06\\\/newsletterjunho-1.jpg\",\"contentUrl\":\"https:\\\/\\\/florestaviva.org.br\\\/wp-content\\\/uploads\\\/2024\\\/06\\\/newsletterjunho-1.jpg\",\"width\":1200,\"height\":761},{\"@type\":\"BreadcrumbList\",\"@id\":\"https:\\\/\\\/florestaviva.org.br\\\/2024\\\/06\\\/23\\\/instituto-floresta-viva-viveiro-de-arvores-nativas-recebeu-mais-de-250-visitantes-entre-os-meses-de-abril-maio-e-junho\\\/#breadcrumb\",\"itemListElement\":[{\"@type\":\"ListItem\",\"position\":1,\"name\":\"In\u00edcio\",\"item\":\"https:\\\/\\\/florestaviva.org.br\\\/\"},{\"@type\":\"ListItem\",\"position\":2,\"name\":\"Instituto Floresta Viva: Viveiro de \u00c1rvores Nativas recebeu mais de 250 visitantes entre os meses de abril, maio e junho\u00a0\"}]},{\"@type\":\"WebSite\",\"@id\":\"https:\\\/\\\/florestaviva.org.br\\\/#website\",\"url\":\"https:\\\/\\\/florestaviva.org.br\\\/\",\"name\":\"Floresta Viva\",\"description\":\"Site do Instituto Floresta Viva\",\"publisher\":{\"@id\":\"https:\\\/\\\/florestaviva.org.br\\\/#organization\"},\"potentialAction\":[{\"@type\":\"SearchAction\",\"target\":{\"@type\":\"EntryPoint\",\"urlTemplate\":\"https:\\\/\\\/florestaviva.org.br\\\/?s={search_term_string}\"},\"query-input\":{\"@type\":\"PropertyValueSpecification\",\"valueRequired\":true,\"valueName\":\"search_term_string\"}}],\"inLanguage\":\"en-US\"},{\"@type\":\"Organization\",\"@id\":\"https:\\\/\\\/florestaviva.org.br\\\/#organization\",\"name\":\"Floresta Viva\",\"url\":\"https:\\\/\\\/florestaviva.org.br\\\/\",\"logo\":{\"@type\":\"ImageObject\",\"inLanguage\":\"en-US\",\"@id\":\"https:\\\/\\\/florestaviva.org.br\\\/#\\\/schema\\\/logo\\\/image\\\/\",\"url\":\"https:\\\/\\\/florestaviva.org.br\\\/wp-content\\\/uploads\\\/2022\\\/12\\\/cropped-fav-icon-floresta.png\",\"contentUrl\":\"https:\\\/\\\/florestaviva.org.br\\\/wp-content\\\/uploads\\\/2022\\\/12\\\/cropped-fav-icon-floresta.png\",\"width\":512,\"height\":512,\"caption\":\"Floresta Viva\"},\"image\":{\"@id\":\"https:\\\/\\\/florestaviva.org.br\\\/#\\\/schema\\\/logo\\\/image\\\/\"},\"sameAs\":[\"https:\\\/\\\/www.instagram.com\\\/institutoflorestaviva\\\/\"]},{\"@type\":\"Person\",\"@id\":\"https:\\\/\\\/florestaviva.org.br\\\/#\\\/schema\\\/person\\\/fc8c4beafbf7bb939cccae1b9838c59b\",\"name\":\"Manuela\",\"image\":{\"@type\":\"ImageObject\",\"inLanguage\":\"en-US\",\"@id\":\"https:\\\/\\\/secure.gravatar.com\\\/avatar\\\/df390ef7f58bf0da17b81ee997ed9e2f2b2ceb1d801c22ee13ea996b8408ea8d?s=96&d=mm&r=g\",\"url\":\"https:\\\/\\\/secure.gravatar.com\\\/avatar\\\/df390ef7f58bf0da17b81ee997ed9e2f2b2ceb1d801c22ee13ea996b8408ea8d?s=96&d=mm&r=g\",\"contentUrl\":\"https:\\\/\\\/secure.gravatar.com\\\/avatar\\\/df390ef7f58bf0da17b81ee997ed9e2f2b2ceb1d801c22ee13ea996b8408ea8d?s=96&d=mm&r=g\",\"caption\":\"Manuela\"},\"url\":\"https:\\\/\\\/florestaviva.org.br\\\/en\\\/author\\\/manuela\\\/\"}]}<\/script>\n<!-- \/ Yoast SEO plugin. -->","yoast_head_json":{"title":"Instituto Floresta Viva: Viveiro de \u00c1rvores Nativas recebeu mais de 250 visitantes entre os meses de abril, maio e junho\u00a0 - Floresta Viva","robots":{"index":"index","follow":"follow","max-snippet":"max-snippet:-1","max-image-preview":"max-image-preview:large","max-video-preview":"max-video-preview:-1"},"canonical":"https:\/\/florestaviva.org.br\/en\/2024\/06\/23\/instituto-floresta-viva-viveiro-de-arvores-nativas-recebeu-mais-de-250-visitantes-entre-os-meses-de-abril-maio-e-junho\/","og_locale":"en_US","og_type":"article","og_title":"Instituto Floresta Viva: Viveiro de \u00c1rvores Nativas recebeu mais de 250 visitantes entre os meses de abril, maio e junho\u00a0 - Floresta Viva","og_description":"Nos \u00faltimos meses o viveiro de \u00e1rvores nativas do Instituto Floresta Viva recebeu mais de 250&nbsp; visitantes, incluindo grupos de escolas, cursos t\u00e9cnicos, universidades, pesquisadores e turistas interessados em conhecer de perto o trabalho de conserva\u00e7\u00e3o ambiental. As visitas guiadas no Instituto Floresta Viva t\u00eam dura\u00e7\u00e3o aproximada de 2 horas e&nbsp; proporcionam uma experi\u00eancia imersiva: [&hellip;]","og_url":"https:\/\/florestaviva.org.br\/en\/2024\/06\/23\/instituto-floresta-viva-viveiro-de-arvores-nativas-recebeu-mais-de-250-visitantes-entre-os-meses-de-abril-maio-e-junho\/","og_site_name":"Floresta Viva","article_published_time":"2024-06-23T17:03:46+00:00","article_modified_time":"2024-07-12T16:36:19+00:00","og_image":[{"width":1200,"height":761,"url":"http:\/\/florestaviva.org.br\/wp-content\/uploads\/2024\/06\/newsletterjunho-1.jpg","type":"image\/jpeg"}],"author":"Manuela","twitter_card":"summary_large_image","twitter_misc":{"Written by":"Manuela","Est. reading time":"2 minutes"},"schema":{"@context":"https:\/\/schema.org","@graph":[{"@type":"Article","@id":"https:\/\/florestaviva.org.br\/2024\/06\/23\/instituto-floresta-viva-viveiro-de-arvores-nativas-recebeu-mais-de-250-visitantes-entre-os-meses-de-abril-maio-e-junho\/#article","isPartOf":{"@id":"https:\/\/florestaviva.org.br\/2024\/06\/23\/instituto-floresta-viva-viveiro-de-arvores-nativas-recebeu-mais-de-250-visitantes-entre-os-meses-de-abril-maio-e-junho\/"},"author":{"name":"Manuela","@id":"https:\/\/florestaviva.org.br\/#\/schema\/person\/fc8c4beafbf7bb939cccae1b9838c59b"},"headline":"Instituto Floresta Viva: Viveiro de \u00c1rvores Nativas recebeu mais de 250 visitantes entre os meses de abril, maio e junho\u00a0","datePublished":"2024-06-23T17:03:46+00:00","dateModified":"2024-07-12T16:36:19+00:00","mainEntityOfPage":{"@id":"https:\/\/florestaviva.org.br\/2024\/06\/23\/instituto-floresta-viva-viveiro-de-arvores-nativas-recebeu-mais-de-250-visitantes-entre-os-meses-de-abril-maio-e-junho\/"},"wordCount":221,"commentCount":0,"publisher":{"@id":"https:\/\/florestaviva.org.br\/#organization"},"image":{"@id":"https:\/\/florestaviva.org.br\/2024\/06\/23\/instituto-floresta-viva-viveiro-de-arvores-nativas-recebeu-mais-de-250-visitantes-entre-os-meses-de-abril-maio-e-junho\/#primaryimage"},"thumbnailUrl":"https:\/\/florestaviva.org.br\/wp-content\/uploads\/2024\/06\/newsletterjunho-1.jpg","articleSection":["Not\u00edcias"],"inLanguage":"en-US","potentialAction":[{"@type":"CommentAction","name":"Comment","target":["https:\/\/florestaviva.org.br\/2024\/06\/23\/instituto-floresta-viva-viveiro-de-arvores-nativas-recebeu-mais-de-250-visitantes-entre-os-meses-de-abril-maio-e-junho\/#respond"]}]},{"@type":"WebPage","@id":"https:\/\/florestaviva.org.br\/2024\/06\/23\/instituto-floresta-viva-viveiro-de-arvores-nativas-recebeu-mais-de-250-visitantes-entre-os-meses-de-abril-maio-e-junho\/","url":"https:\/\/florestaviva.org.br\/2024\/06\/23\/instituto-floresta-viva-viveiro-de-arvores-nativas-recebeu-mais-de-250-visitantes-entre-os-meses-de-abril-maio-e-junho\/","name":"Instituto Floresta Viva: Viveiro de \u00c1rvores Nativas recebeu mais de 250 visitantes entre os meses de abril, maio e junho\u00a0 - Floresta Viva","isPartOf":{"@id":"https:\/\/florestaviva.org.br\/#website"},"primaryImageOfPage":{"@id":"https:\/\/florestaviva.org.br\/2024\/06\/23\/instituto-floresta-viva-viveiro-de-arvores-nativas-recebeu-mais-de-250-visitantes-entre-os-meses-de-abril-maio-e-junho\/#primaryimage"},"image":{"@id":"https:\/\/florestaviva.org.br\/2024\/06\/23\/instituto-floresta-viva-viveiro-de-arvores-nativas-recebeu-mais-de-250-visitantes-entre-os-meses-de-abril-maio-e-junho\/#primaryimage"},"thumbnailUrl":"https:\/\/florestaviva.org.br\/wp-content\/uploads\/2024\/06\/newsletterjunho-1.jpg","datePublished":"2024-06-23T17:03:46+00:00","dateModified":"2024-07-12T16:36:19+00:00","breadcrumb":{"@id":"https:\/\/florestaviva.org.br\/2024\/06\/23\/instituto-floresta-viva-viveiro-de-arvores-nativas-recebeu-mais-de-250-visitantes-entre-os-meses-de-abril-maio-e-junho\/#breadcrumb"},"inLanguage":"en-US","potentialAction":[{"@type":"ReadAction","target":["https:\/\/florestaviva.org.br\/2024\/06\/23\/instituto-floresta-viva-viveiro-de-arvores-nativas-recebeu-mais-de-250-visitantes-entre-os-meses-de-abril-maio-e-junho\/"]}]},{"@type":"ImageObject","inLanguage":"en-US","@id":"https:\/\/florestaviva.org.br\/2024\/06\/23\/instituto-floresta-viva-viveiro-de-arvores-nativas-recebeu-mais-de-250-visitantes-entre-os-meses-de-abril-maio-e-junho\/#primaryimage","url":"https:\/\/florestaviva.org.br\/wp-content\/uploads\/2024\/06\/newsletterjunho-1.jpg","contentUrl":"https:\/\/florestaviva.org.br\/wp-content\/uploads\/2024\/06\/newsletterjunho-1.jpg","width":1200,"height":761},{"@type":"BreadcrumbList","@id":"https:\/\/florestaviva.org.br\/2024\/06\/23\/instituto-floresta-viva-viveiro-de-arvores-nativas-recebeu-mais-de-250-visitantes-entre-os-meses-de-abril-maio-e-junho\/#breadcrumb","itemListElement":[{"@type":"ListItem","position":1,"name":"In\u00edcio","item":"https:\/\/florestaviva.org.br\/"},{"@type":"ListItem","position":2,"name":"Instituto Floresta Viva: Viveiro de \u00c1rvores Nativas recebeu mais de 250 visitantes entre os meses de abril, maio e junho\u00a0"}]},{"@type":"WebSite","@id":"https:\/\/florestaviva.org.br\/#website","url":"https:\/\/florestaviva.org.br\/","name":"Floresta Viva","description":"Site do Instituto Floresta Viva","publisher":{"@id":"https:\/\/florestaviva.org.br\/#organization"},"potentialAction":[{"@type":"SearchAction","target":{"@type":"EntryPoint","urlTemplate":"https:\/\/florestaviva.org.br\/?s={search_term_string}"},"query-input":{"@type":"PropertyValueSpecification","valueRequired":true,"valueName":"search_term_string"}}],"inLanguage":"en-US"},{"@type":"Organization","@id":"https:\/\/florestaviva.org.br\/#organization","name":"Floresta Viva","url":"https:\/\/florestaviva.org.br\/","logo":{"@type":"ImageObject","inLanguage":"en-US","@id":"https:\/\/florestaviva.org.br\/#\/schema\/logo\/image\/","url":"https:\/\/florestaviva.org.br\/wp-content\/uploads\/2022\/12\/cropped-fav-icon-floresta.png","contentUrl":"https:\/\/florestaviva.org.br\/wp-content\/uploads\/2022\/12\/cropped-fav-icon-floresta.png","width":512,"height":512,"caption":"Floresta Viva"},"image":{"@id":"https:\/\/florestaviva.org.br\/#\/schema\/logo\/image\/"},"sameAs":["https:\/\/www.instagram.com\/institutoflorestaviva\/"]},{"@type":"Person","@id":"https:\/\/florestaviva.org.br\/#\/schema\/person\/fc8c4beafbf7bb939cccae1b9838c59b","name":"Manuela","image":{"@type":"ImageObject","inLanguage":"en-US","@id":"https:\/\/secure.gravatar.com\/avatar\/df390ef7f58bf0da17b81ee997ed9e2f2b2ceb1d801c22ee13ea996b8408ea8d?s=96&d=mm&r=g","url":"https:\/\/secure.gravatar.com\/avatar\/df390ef7f58bf0da17b81ee997ed9e2f2b2ceb1d801c22ee13ea996b8408ea8d?s=96&d=mm&r=g","contentUrl":"https:\/\/secure.gravatar.com\/avatar\/df390ef7f58bf0da17b81ee997ed9e2f2b2ceb1d801c22ee13ea996b8408ea8d?s=96&d=mm&r=g","caption":"Manuela"},"url":"https:\/\/florestaviva.org.br\/en\/author\/manuela\/"}]}},"_links":{"self":[{"href":"https:\/\/florestaviva.org.br\/en\/wp-json\/wp\/v2\/posts\/2329","targetHints":{"allow":["GET"]}}],"collection":[{"href":"https:\/\/florestaviva.org.br\/en\/wp-json\/wp\/v2\/posts"}],"about":[{"href":"https:\/\/florestaviva.org.br\/en\/wp-json\/wp\/v2\/types\/post"}],"author":[{"embeddable":true,"href":"https:\/\/florestaviva.org.br\/en\/wp-json\/wp\/v2\/users\/6"}],"replies":[{"embeddable":true,"href":"https:\/\/florestaviva.org.br\/en\/wp-json\/wp\/v2\/comments?post=2329"}],"version-history":[{"count":1,"href":"https:\/\/florestaviva.org.br\/en\/wp-json\/wp\/v2\/posts\/2329\/revisions"}],"predecessor-version":[{"id":2331,"href":"https:\/\/florestaviva.org.br\/en\/wp-json\/wp\/v2\/posts\/2329\/revisions\/2331"}],"wp:featuredmedia":[{"embeddable":true,"href":"https:\/\/florestaviva.org.br\/en\/wp-json\/wp\/v2\/media\/2334"}],"wp:attachment":[{"href":"https:\/\/florestaviva.org.br\/en\/wp-json\/wp\/v2\/media?parent=2329"}],"wp:term":[{"taxonomy":"category","embeddable":true,"href":"https:\/\/florestaviva.org.br\/en\/wp-json\/wp\/v2\/categories?post=2329"},{"taxonomy":"post_tag","embeddable":true,"href":"https:\/\/florestaviva.org.br\/en\/wp-json\/wp\/v2\/tags?post=2329"}],"curies":[{"name":"wp","href":"https:\/\/api.w.org\/{rel}","templated":true}]}}