{"id":1388,"date":"2022-12-15T15:41:09","date_gmt":"2022-12-15T18:41:09","guid":{"rendered":"https:\/\/homolog.interatron.com\/?p=1388"},"modified":"2022-12-16T14:27:10","modified_gmt":"2022-12-16T17:27:10","slug":"iniciativa-20x20-em-ingles-esforco-internacional-lancado-na-cop-20-em-lima-para-restaurar-20-milhoes-de-hectares-da-america-latina-e-caribe-ate-2020-a-acao-tem-o-apoio-d","status":"publish","type":"post","link":"https:\/\/florestaviva.org.br\/en\/2022\/12\/15\/iniciativa-20x20-em-ingles-esforco-internacional-lancado-na-cop-20-em-lima-para-restaurar-20-milhoes-de-hectares-da-america-latina-e-caribe-ate-2020-a-acao-tem-o-apoio-d\/","title":{"rendered":"20 x 20 Initiative  - International effort - launched at COP 20 in Lima - to restore 20 million hectares in Latin America and the Caribbean by 2020. The action is supported by the World Resources Institute (WRI) and Floresta Viva is part of our network of partners"},"content":{"rendered":"","protected":false},"excerpt":{"rendered":"","protected":false},"author":5,"featured_media":0,"comment_status":"open","ping_status":"open","sticky":false,"template":"","format":"standard","meta":{"_acf_changed":false,"footnotes":""},"categories":[10],"tags":[],"class_list":["post-1388","post","type-post","status-publish","format-standard","hentry","category-links"],"acf":[],"yoast_head":"<!-- This site is optimized with the Yoast SEO plugin v27.5 - https:\/\/yoast.com\/product\/yoast-seo-wordpress\/ -->\n<title>Iniciativa 20\u00d720 (em ingl\u00eas) - Esfor\u00e7o internacional \u2013 lan\u00e7ado na COP 20, em Lima \u2013 para restaurar 20 milh\u00f5es de hectares da Am\u00e9rica Latina e Caribe at\u00e9 2020. A a\u00e7\u00e3o tem o apoio do World Resources Institute (WRI) e o Floresta Viva integra a rede de parceiros. - Floresta Viva<\/title>\n<meta name=\"robots\" content=\"index, follow, max-snippet:-1, max-image-preview:large, max-video-preview:-1\" \/>\n<link rel=\"canonical\" href=\"https:\/\/florestaviva.org.br\/en\/2022\/12\/15\/iniciativa-20x20-em-ingles-esforco-internacional-lancado-na-cop-20-em-lima-para-restaurar-20-milhoes-de-hectares-da-america-latina-e-caribe-ate-2020-a-acao-tem-o-apoio-d\/\" \/>\n<meta property=\"og:locale\" content=\"en_US\" \/>\n<meta property=\"og:type\" content=\"article\" \/>\n<meta property=\"og:title\" content=\"Iniciativa 20\u00d720 (em ingl\u00eas) - Esfor\u00e7o internacional \u2013 lan\u00e7ado na COP 20, em Lima \u2013 para restaurar 20 milh\u00f5es de hectares da Am\u00e9rica Latina e Caribe at\u00e9 2020. A a\u00e7\u00e3o tem o apoio do World Resources Institute (WRI) e o Floresta Viva integra a rede de parceiros. - Floresta Viva\" \/>\n<meta property=\"og:url\" content=\"https:\/\/florestaviva.org.br\/en\/2022\/12\/15\/iniciativa-20x20-em-ingles-esforco-internacional-lancado-na-cop-20-em-lima-para-restaurar-20-milhoes-de-hectares-da-america-latina-e-caribe-ate-2020-a-acao-tem-o-apoio-d\/\" \/>\n<meta property=\"og:site_name\" content=\"Floresta Viva\" \/>\n<meta property=\"article:published_time\" content=\"2022-12-15T18:41:09+00:00\" \/>\n<meta property=\"article:modified_time\" content=\"2022-12-16T17:27:10+00:00\" \/>\n<meta name=\"author\" content=\"Leandro\" \/>\n<meta name=\"twitter:card\" content=\"summary_large_image\" \/>\n<meta name=\"twitter:label1\" content=\"Written by\" \/>\n\t<meta name=\"twitter:data1\" content=\"Leandro\" \/>\n<script type=\"application\/ld+json\" class=\"yoast-schema-graph\">{\"@context\":\"https:\\\/\\\/schema.org\",\"@graph\":[{\"@type\":\"Article\",\"@id\":\"https:\\\/\\\/florestaviva.org.br\\\/2022\\\/12\\\/15\\\/iniciativa-20x20-em-ingles-esforco-internacional-lancado-na-cop-20-em-lima-para-restaurar-20-milhoes-de-hectares-da-america-latina-e-caribe-ate-2020-a-acao-tem-o-apoio-d\\\/#article\",\"isPartOf\":{\"@id\":\"https:\\\/\\\/florestaviva.org.br\\\/2022\\\/12\\\/15\\\/iniciativa-20x20-em-ingles-esforco-internacional-lancado-na-cop-20-em-lima-para-restaurar-20-milhoes-de-hectares-da-america-latina-e-caribe-ate-2020-a-acao-tem-o-apoio-d\\\/\"},\"author\":{\"name\":\"Leandro\",\"@id\":\"https:\\\/\\\/florestaviva.org.br\\\/#\\\/schema\\\/person\\\/0c6853800ce383626ef77d13b15218bb\"},\"headline\":\"Iniciativa 20\u00d720 (em ingl\u00eas) &#8211; Esfor\u00e7o internacional \u2013 lan\u00e7ado na COP 20, em Lima \u2013 para restaurar 20 milh\u00f5es de hectares da Am\u00e9rica Latina e Caribe at\u00e9 2020. A a\u00e7\u00e3o tem o apoio do World Resources Institute (WRI) e o Floresta Viva integra a rede de parceiros.\",\"datePublished\":\"2022-12-15T18:41:09+00:00\",\"dateModified\":\"2022-12-16T17:27:10+00:00\",\"mainEntityOfPage\":{\"@id\":\"https:\\\/\\\/florestaviva.org.br\\\/2022\\\/12\\\/15\\\/iniciativa-20x20-em-ingles-esforco-internacional-lancado-na-cop-20-em-lima-para-restaurar-20-milhoes-de-hectares-da-america-latina-e-caribe-ate-2020-a-acao-tem-o-apoio-d\\\/\"},\"wordCount\":47,\"commentCount\":0,\"publisher\":{\"@id\":\"https:\\\/\\\/florestaviva.org.br\\\/#organization\"},\"articleSection\":[\"Links\"],\"inLanguage\":\"en-US\",\"potentialAction\":[{\"@type\":\"CommentAction\",\"name\":\"Comment\",\"target\":[\"https:\\\/\\\/florestaviva.org.br\\\/2022\\\/12\\\/15\\\/iniciativa-20x20-em-ingles-esforco-internacional-lancado-na-cop-20-em-lima-para-restaurar-20-milhoes-de-hectares-da-america-latina-e-caribe-ate-2020-a-acao-tem-o-apoio-d\\\/#respond\"]}]},{\"@type\":\"WebPage\",\"@id\":\"https:\\\/\\\/florestaviva.org.br\\\/2022\\\/12\\\/15\\\/iniciativa-20x20-em-ingles-esforco-internacional-lancado-na-cop-20-em-lima-para-restaurar-20-milhoes-de-hectares-da-america-latina-e-caribe-ate-2020-a-acao-tem-o-apoio-d\\\/\",\"url\":\"https:\\\/\\\/florestaviva.org.br\\\/2022\\\/12\\\/15\\\/iniciativa-20x20-em-ingles-esforco-internacional-lancado-na-cop-20-em-lima-para-restaurar-20-milhoes-de-hectares-da-america-latina-e-caribe-ate-2020-a-acao-tem-o-apoio-d\\\/\",\"name\":\"Iniciativa 20\u00d720 (em ingl\u00eas) - Esfor\u00e7o internacional \u2013 lan\u00e7ado na COP 20, em Lima \u2013 para restaurar 20 milh\u00f5es de hectares da Am\u00e9rica Latina e Caribe at\u00e9 2020. A a\u00e7\u00e3o tem o apoio do World Resources Institute (WRI) e o Floresta Viva integra a rede de parceiros. - Floresta Viva\",\"isPartOf\":{\"@id\":\"https:\\\/\\\/florestaviva.org.br\\\/#website\"},\"datePublished\":\"2022-12-15T18:41:09+00:00\",\"dateModified\":\"2022-12-16T17:27:10+00:00\",\"breadcrumb\":{\"@id\":\"https:\\\/\\\/florestaviva.org.br\\\/2022\\\/12\\\/15\\\/iniciativa-20x20-em-ingles-esforco-internacional-lancado-na-cop-20-em-lima-para-restaurar-20-milhoes-de-hectares-da-america-latina-e-caribe-ate-2020-a-acao-tem-o-apoio-d\\\/#breadcrumb\"},\"inLanguage\":\"en-US\",\"potentialAction\":[{\"@type\":\"ReadAction\",\"target\":[\"https:\\\/\\\/florestaviva.org.br\\\/2022\\\/12\\\/15\\\/iniciativa-20x20-em-ingles-esforco-internacional-lancado-na-cop-20-em-lima-para-restaurar-20-milhoes-de-hectares-da-america-latina-e-caribe-ate-2020-a-acao-tem-o-apoio-d\\\/\"]}]},{\"@type\":\"BreadcrumbList\",\"@id\":\"https:\\\/\\\/florestaviva.org.br\\\/2022\\\/12\\\/15\\\/iniciativa-20x20-em-ingles-esforco-internacional-lancado-na-cop-20-em-lima-para-restaurar-20-milhoes-de-hectares-da-america-latina-e-caribe-ate-2020-a-acao-tem-o-apoio-d\\\/#breadcrumb\",\"itemListElement\":[{\"@type\":\"ListItem\",\"position\":1,\"name\":\"In\u00edcio\",\"item\":\"https:\\\/\\\/florestaviva.org.br\\\/\"},{\"@type\":\"ListItem\",\"position\":2,\"name\":\"Iniciativa 20\u00d720 (em ingl\u00eas) &#8211; Esfor\u00e7o internacional \u2013 lan\u00e7ado na COP 20, em Lima \u2013 para restaurar 20 milh\u00f5es de hectares da Am\u00e9rica Latina e Caribe at\u00e9 2020. A a\u00e7\u00e3o tem o apoio do World Resources Institute (WRI) e o Floresta Viva integra a rede de parceiros.\"}]},{\"@type\":\"WebSite\",\"@id\":\"https:\\\/\\\/florestaviva.org.br\\\/#website\",\"url\":\"https:\\\/\\\/florestaviva.org.br\\\/\",\"name\":\"Floresta Viva\",\"description\":\"Site do Instituto Floresta Viva\",\"publisher\":{\"@id\":\"https:\\\/\\\/florestaviva.org.br\\\/#organization\"},\"potentialAction\":[{\"@type\":\"SearchAction\",\"target\":{\"@type\":\"EntryPoint\",\"urlTemplate\":\"https:\\\/\\\/florestaviva.org.br\\\/?s={search_term_string}\"},\"query-input\":{\"@type\":\"PropertyValueSpecification\",\"valueRequired\":true,\"valueName\":\"search_term_string\"}}],\"inLanguage\":\"en-US\"},{\"@type\":\"Organization\",\"@id\":\"https:\\\/\\\/florestaviva.org.br\\\/#organization\",\"name\":\"Floresta Viva\",\"url\":\"https:\\\/\\\/florestaviva.org.br\\\/\",\"logo\":{\"@type\":\"ImageObject\",\"inLanguage\":\"en-US\",\"@id\":\"https:\\\/\\\/florestaviva.org.br\\\/#\\\/schema\\\/logo\\\/image\\\/\",\"url\":\"https:\\\/\\\/florestaviva.org.br\\\/wp-content\\\/uploads\\\/2022\\\/12\\\/cropped-fav-icon-floresta.png\",\"contentUrl\":\"https:\\\/\\\/florestaviva.org.br\\\/wp-content\\\/uploads\\\/2022\\\/12\\\/cropped-fav-icon-floresta.png\",\"width\":512,\"height\":512,\"caption\":\"Floresta Viva\"},\"image\":{\"@id\":\"https:\\\/\\\/florestaviva.org.br\\\/#\\\/schema\\\/logo\\\/image\\\/\"},\"sameAs\":[\"https:\\\/\\\/www.instagram.com\\\/institutoflorestaviva\\\/\"]},{\"@type\":\"Person\",\"@id\":\"https:\\\/\\\/florestaviva.org.br\\\/#\\\/schema\\\/person\\\/0c6853800ce383626ef77d13b15218bb\",\"name\":\"Leandro\",\"image\":{\"@type\":\"ImageObject\",\"inLanguage\":\"en-US\",\"@id\":\"https:\\\/\\\/secure.gravatar.com\\\/avatar\\\/e06e51904d78a3555decff178f8d9c591233da1de1ae65fd53f190c2735b9d29?s=96&d=mm&r=g\",\"url\":\"https:\\\/\\\/secure.gravatar.com\\\/avatar\\\/e06e51904d78a3555decff178f8d9c591233da1de1ae65fd53f190c2735b9d29?s=96&d=mm&r=g\",\"contentUrl\":\"https:\\\/\\\/secure.gravatar.com\\\/avatar\\\/e06e51904d78a3555decff178f8d9c591233da1de1ae65fd53f190c2735b9d29?s=96&d=mm&r=g\",\"caption\":\"Leandro\"},\"url\":\"https:\\\/\\\/florestaviva.org.br\\\/en\\\/author\\\/leandro\\\/\"}]}<\/script>\n<!-- \/ Yoast SEO plugin. -->","yoast_head_json":{"title":"Iniciativa 20\u00d720 (em ingl\u00eas) - Esfor\u00e7o internacional \u2013 lan\u00e7ado na COP 20, em Lima \u2013 para restaurar 20 milh\u00f5es de hectares da Am\u00e9rica Latina e Caribe at\u00e9 2020. A a\u00e7\u00e3o tem o apoio do World Resources Institute (WRI) e o Floresta Viva integra a rede de parceiros. - Floresta Viva","robots":{"index":"index","follow":"follow","max-snippet":"max-snippet:-1","max-image-preview":"max-image-preview:large","max-video-preview":"max-video-preview:-1"},"canonical":"https:\/\/florestaviva.org.br\/en\/2022\/12\/15\/iniciativa-20x20-em-ingles-esforco-internacional-lancado-na-cop-20-em-lima-para-restaurar-20-milhoes-de-hectares-da-america-latina-e-caribe-ate-2020-a-acao-tem-o-apoio-d\/","og_locale":"en_US","og_type":"article","og_title":"Iniciativa 20\u00d720 (em ingl\u00eas) - Esfor\u00e7o internacional \u2013 lan\u00e7ado na COP 20, em Lima \u2013 para restaurar 20 milh\u00f5es de hectares da Am\u00e9rica Latina e Caribe at\u00e9 2020. A a\u00e7\u00e3o tem o apoio do World Resources Institute (WRI) e o Floresta Viva integra a rede de parceiros. - Floresta Viva","og_url":"https:\/\/florestaviva.org.br\/en\/2022\/12\/15\/iniciativa-20x20-em-ingles-esforco-internacional-lancado-na-cop-20-em-lima-para-restaurar-20-milhoes-de-hectares-da-america-latina-e-caribe-ate-2020-a-acao-tem-o-apoio-d\/","og_site_name":"Floresta Viva","article_published_time":"2022-12-15T18:41:09+00:00","article_modified_time":"2022-12-16T17:27:10+00:00","author":"Leandro","twitter_card":"summary_large_image","twitter_misc":{"Written by":"Leandro"},"schema":{"@context":"https:\/\/schema.org","@graph":[{"@type":"Article","@id":"https:\/\/florestaviva.org.br\/2022\/12\/15\/iniciativa-20x20-em-ingles-esforco-internacional-lancado-na-cop-20-em-lima-para-restaurar-20-milhoes-de-hectares-da-america-latina-e-caribe-ate-2020-a-acao-tem-o-apoio-d\/#article","isPartOf":{"@id":"https:\/\/florestaviva.org.br\/2022\/12\/15\/iniciativa-20x20-em-ingles-esforco-internacional-lancado-na-cop-20-em-lima-para-restaurar-20-milhoes-de-hectares-da-america-latina-e-caribe-ate-2020-a-acao-tem-o-apoio-d\/"},"author":{"name":"Leandro","@id":"https:\/\/florestaviva.org.br\/#\/schema\/person\/0c6853800ce383626ef77d13b15218bb"},"headline":"Iniciativa 20\u00d720 (em ingl\u00eas) &#8211; Esfor\u00e7o internacional \u2013 lan\u00e7ado na COP 20, em Lima \u2013 para restaurar 20 milh\u00f5es de hectares da Am\u00e9rica Latina e Caribe at\u00e9 2020. A a\u00e7\u00e3o tem o apoio do World Resources Institute (WRI) e o Floresta Viva integra a rede de parceiros.","datePublished":"2022-12-15T18:41:09+00:00","dateModified":"2022-12-16T17:27:10+00:00","mainEntityOfPage":{"@id":"https:\/\/florestaviva.org.br\/2022\/12\/15\/iniciativa-20x20-em-ingles-esforco-internacional-lancado-na-cop-20-em-lima-para-restaurar-20-milhoes-de-hectares-da-america-latina-e-caribe-ate-2020-a-acao-tem-o-apoio-d\/"},"wordCount":47,"commentCount":0,"publisher":{"@id":"https:\/\/florestaviva.org.br\/#organization"},"articleSection":["Links"],"inLanguage":"en-US","potentialAction":[{"@type":"CommentAction","name":"Comment","target":["https:\/\/florestaviva.org.br\/2022\/12\/15\/iniciativa-20x20-em-ingles-esforco-internacional-lancado-na-cop-20-em-lima-para-restaurar-20-milhoes-de-hectares-da-america-latina-e-caribe-ate-2020-a-acao-tem-o-apoio-d\/#respond"]}]},{"@type":"WebPage","@id":"https:\/\/florestaviva.org.br\/2022\/12\/15\/iniciativa-20x20-em-ingles-esforco-internacional-lancado-na-cop-20-em-lima-para-restaurar-20-milhoes-de-hectares-da-america-latina-e-caribe-ate-2020-a-acao-tem-o-apoio-d\/","url":"https:\/\/florestaviva.org.br\/2022\/12\/15\/iniciativa-20x20-em-ingles-esforco-internacional-lancado-na-cop-20-em-lima-para-restaurar-20-milhoes-de-hectares-da-america-latina-e-caribe-ate-2020-a-acao-tem-o-apoio-d\/","name":"Iniciativa 20\u00d720 (em ingl\u00eas) - Esfor\u00e7o internacional \u2013 lan\u00e7ado na COP 20, em Lima \u2013 para restaurar 20 milh\u00f5es de hectares da Am\u00e9rica Latina e Caribe at\u00e9 2020. A a\u00e7\u00e3o tem o apoio do World Resources Institute (WRI) e o Floresta Viva integra a rede de parceiros. - Floresta Viva","isPartOf":{"@id":"https:\/\/florestaviva.org.br\/#website"},"datePublished":"2022-12-15T18:41:09+00:00","dateModified":"2022-12-16T17:27:10+00:00","breadcrumb":{"@id":"https:\/\/florestaviva.org.br\/2022\/12\/15\/iniciativa-20x20-em-ingles-esforco-internacional-lancado-na-cop-20-em-lima-para-restaurar-20-milhoes-de-hectares-da-america-latina-e-caribe-ate-2020-a-acao-tem-o-apoio-d\/#breadcrumb"},"inLanguage":"en-US","potentialAction":[{"@type":"ReadAction","target":["https:\/\/florestaviva.org.br\/2022\/12\/15\/iniciativa-20x20-em-ingles-esforco-internacional-lancado-na-cop-20-em-lima-para-restaurar-20-milhoes-de-hectares-da-america-latina-e-caribe-ate-2020-a-acao-tem-o-apoio-d\/"]}]},{"@type":"BreadcrumbList","@id":"https:\/\/florestaviva.org.br\/2022\/12\/15\/iniciativa-20x20-em-ingles-esforco-internacional-lancado-na-cop-20-em-lima-para-restaurar-20-milhoes-de-hectares-da-america-latina-e-caribe-ate-2020-a-acao-tem-o-apoio-d\/#breadcrumb","itemListElement":[{"@type":"ListItem","position":1,"name":"In\u00edcio","item":"https:\/\/florestaviva.org.br\/"},{"@type":"ListItem","position":2,"name":"Iniciativa 20\u00d720 (em ingl\u00eas) &#8211; Esfor\u00e7o internacional \u2013 lan\u00e7ado na COP 20, em Lima \u2013 para restaurar 20 milh\u00f5es de hectares da Am\u00e9rica Latina e Caribe at\u00e9 2020. A a\u00e7\u00e3o tem o apoio do World Resources Institute (WRI) e o Floresta Viva integra a rede de parceiros."}]},{"@type":"WebSite","@id":"https:\/\/florestaviva.org.br\/#website","url":"https:\/\/florestaviva.org.br\/","name":"Floresta Viva","description":"Site do Instituto Floresta Viva","publisher":{"@id":"https:\/\/florestaviva.org.br\/#organization"},"potentialAction":[{"@type":"SearchAction","target":{"@type":"EntryPoint","urlTemplate":"https:\/\/florestaviva.org.br\/?s={search_term_string}"},"query-input":{"@type":"PropertyValueSpecification","valueRequired":true,"valueName":"search_term_string"}}],"inLanguage":"en-US"},{"@type":"Organization","@id":"https:\/\/florestaviva.org.br\/#organization","name":"Floresta Viva","url":"https:\/\/florestaviva.org.br\/","logo":{"@type":"ImageObject","inLanguage":"en-US","@id":"https:\/\/florestaviva.org.br\/#\/schema\/logo\/image\/","url":"https:\/\/florestaviva.org.br\/wp-content\/uploads\/2022\/12\/cropped-fav-icon-floresta.png","contentUrl":"https:\/\/florestaviva.org.br\/wp-content\/uploads\/2022\/12\/cropped-fav-icon-floresta.png","width":512,"height":512,"caption":"Floresta Viva"},"image":{"@id":"https:\/\/florestaviva.org.br\/#\/schema\/logo\/image\/"},"sameAs":["https:\/\/www.instagram.com\/institutoflorestaviva\/"]},{"@type":"Person","@id":"https:\/\/florestaviva.org.br\/#\/schema\/person\/0c6853800ce383626ef77d13b15218bb","name":"Leandro","image":{"@type":"ImageObject","inLanguage":"en-US","@id":"https:\/\/secure.gravatar.com\/avatar\/e06e51904d78a3555decff178f8d9c591233da1de1ae65fd53f190c2735b9d29?s=96&d=mm&r=g","url":"https:\/\/secure.gravatar.com\/avatar\/e06e51904d78a3555decff178f8d9c591233da1de1ae65fd53f190c2735b9d29?s=96&d=mm&r=g","contentUrl":"https:\/\/secure.gravatar.com\/avatar\/e06e51904d78a3555decff178f8d9c591233da1de1ae65fd53f190c2735b9d29?s=96&d=mm&r=g","caption":"Leandro"},"url":"https:\/\/florestaviva.org.br\/en\/author\/leandro\/"}]}},"_links":{"self":[{"href":"https:\/\/florestaviva.org.br\/en\/wp-json\/wp\/v2\/posts\/1388","targetHints":{"allow":["GET"]}}],"collection":[{"href":"https:\/\/florestaviva.org.br\/en\/wp-json\/wp\/v2\/posts"}],"about":[{"href":"https:\/\/florestaviva.org.br\/en\/wp-json\/wp\/v2\/types\/post"}],"author":[{"embeddable":true,"href":"https:\/\/florestaviva.org.br\/en\/wp-json\/wp\/v2\/users\/5"}],"replies":[{"embeddable":true,"href":"https:\/\/florestaviva.org.br\/en\/wp-json\/wp\/v2\/comments?post=1388"}],"version-history":[{"count":2,"href":"https:\/\/florestaviva.org.br\/en\/wp-json\/wp\/v2\/posts\/1388\/revisions"}],"predecessor-version":[{"id":1444,"href":"https:\/\/florestaviva.org.br\/en\/wp-json\/wp\/v2\/posts\/1388\/revisions\/1444"}],"wp:attachment":[{"href":"https:\/\/florestaviva.org.br\/en\/wp-json\/wp\/v2\/media?parent=1388"}],"wp:term":[{"taxonomy":"category","embeddable":true,"href":"https:\/\/florestaviva.org.br\/en\/wp-json\/wp\/v2\/categories?post=1388"},{"taxonomy":"post_tag","embeddable":true,"href":"https:\/\/florestaviva.org.br\/en\/wp-json\/wp\/v2\/tags?post=1388"}],"curies":[{"name":"wp","href":"https:\/\/api.w.org\/{rel}","templated":true}]}}